{"id":772,"date":"2020-03-02T19:48:56","date_gmt":"2020-03-02T18:48:56","guid":{"rendered":"http:\/\/www.ff-katharein.at\/wp\/?p=772"},"modified":"2020-03-02T19:48:58","modified_gmt":"2020-03-02T18:48:58","slug":"01-03-2020-brandeinsatz","status":"publish","type":"post","link":"https:\/\/www.ff-katharein.at\/wp\/?p=772","title":{"rendered":"01.03.2020 &#8211; Brandeinsatz"},"content":{"rendered":"\n<p>Wohnungsbrand in einem Mehrparteienhaus<\/p>\n\n\n\n<p>Alarmierung     20:35 Uhr<br>Brandaus     23:00 Uhr<br>Einsatzende     01:15 Uhr<br>folgend Brandwache bis in der Fr\u00fch &amp; laufende Kontrollen am 02.M\u00e4rz <\/p>\n\n\n\n<p>Eingesetzt waren:<br> FF Katharein mit 3 Fahrzeugen, <br> FF Trag\u00f6\u00df mit 4 Fahrzeugen, <br> FF Arndorf mit 2 Fahrzeugen<br> BTF B\u00f6hler mit Atemschutzfahrzeug<br> mit insgesamt 61 Mann<\/p>\n\n\n\n<p>Weiteres eingesetzt:<br> Exekutive, Notarzt, Rettungsdienst, Brandursachenermittler und Energieversorger<\/p>\n\n\n\n<p><a rel=\"noreferrer noopener\" aria-label=\"Bericht Kleine Zeitung  (\u00f6ffnet in neuem Tab)\" href=\"https:\/\/www.kleinezeitung.at\/steiermark\/5777795\/Vier-Feuerwehren-im-Einsatz_Ein-Toter-nach-Wohnungsbrand-in\" target=\"_blank\">Bericht Kleine Zeitung <\/a><\/p>\n\n\n\n<p><a href=\"https:\/\/www.polizei.gv.at\/stmk\/presse\/aussendungen\/presse.aspx?prid=7264415278493752306F383D&amp;pro=0\" target=\"_blank\" rel=\"noreferrer noopener\" aria-label=\"Presseaussendungen LPD Steiermark  (\u00f6ffnet in neuem Tab)\">Presseaussendungen LPD Steiermark <\/a><\/p>\n\n\n\n<ul class=\"wp-container-2 wp-block-gallery-1 wp-block-gallery columns-1 is-cropped\"><li class=\"blocks-gallery-item\"><figure><img loading=\"lazy\" width=\"1024\" height=\"768\" src=\"https:\/\/www.ff-katharein.at\/wp\/wp-content\/uploads\/2020\/03\/6b52eda7-6f04-467a-b183-cff6aa8eba50-1024x768.jpg\" alt=\"\" data-id=\"773\" data-link=\"https:\/\/www.ff-katharein.at\/wp\/?attachment_id=773\" class=\"wp-image-773\" srcset=\"https:\/\/www.ff-katharein.at\/wp\/wp-content\/uploads\/2020\/03\/6b52eda7-6f04-467a-b183-cff6aa8eba50-1024x768.jpg 1024w, https:\/\/www.ff-katharein.at\/wp\/wp-content\/uploads\/2020\/03\/6b52eda7-6f04-467a-b183-cff6aa8eba50-300x225.jpg 300w, https:\/\/www.ff-katharein.at\/wp\/wp-content\/uploads\/2020\/03\/6b52eda7-6f04-467a-b183-cff6aa8eba50-768x576.jpg 768w, https:\/\/www.ff-katharein.at\/wp\/wp-content\/uploads\/2020\/03\/6b52eda7-6f04-467a-b183-cff6aa8eba50.jpg 1600w\" sizes=\"(max-width: 1024px) 100vw, 1024px\" \/><\/figure><\/li><li class=\"blocks-gallery-item\"><figure><img loading=\"lazy\" width=\"1024\" height=\"768\" src=\"https:\/\/www.ff-katharein.at\/wp\/wp-content\/uploads\/2020\/03\/58be4c41-009b-460c-ad84-c61c01f989e8-1024x768.jpg\" alt=\"\" data-id=\"774\" data-link=\"https:\/\/www.ff-katharein.at\/wp\/?attachment_id=774\" class=\"wp-image-774\" srcset=\"https:\/\/www.ff-katharein.at\/wp\/wp-content\/uploads\/2020\/03\/58be4c41-009b-460c-ad84-c61c01f989e8-1024x768.jpg 1024w, https:\/\/www.ff-katharein.at\/wp\/wp-content\/uploads\/2020\/03\/58be4c41-009b-460c-ad84-c61c01f989e8-300x225.jpg 300w, https:\/\/www.ff-katharein.at\/wp\/wp-content\/uploads\/2020\/03\/58be4c41-009b-460c-ad84-c61c01f989e8-768x576.jpg 768w, https:\/\/www.ff-katharein.at\/wp\/wp-content\/uploads\/2020\/03\/58be4c41-009b-460c-ad84-c61c01f989e8.jpg 1600w\" sizes=\"(max-width: 1024px) 100vw, 1024px\" \/><\/figure><\/li><li class=\"blocks-gallery-item\"><figure><img loading=\"lazy\" width=\"1024\" height=\"768\" src=\"https:\/\/www.ff-katharein.at\/wp\/wp-content\/uploads\/2020\/03\/903bee60-6212-4bdb-afc1-48f3fd35c7e1-1024x768.jpg\" alt=\"\" data-id=\"775\" data-link=\"https:\/\/www.ff-katharein.at\/wp\/?attachment_id=775\" class=\"wp-image-775\" srcset=\"https:\/\/www.ff-katharein.at\/wp\/wp-content\/uploads\/2020\/03\/903bee60-6212-4bdb-afc1-48f3fd35c7e1-1024x768.jpg 1024w, https:\/\/www.ff-katharein.at\/wp\/wp-content\/uploads\/2020\/03\/903bee60-6212-4bdb-afc1-48f3fd35c7e1-300x225.jpg 300w, https:\/\/www.ff-katharein.at\/wp\/wp-content\/uploads\/2020\/03\/903bee60-6212-4bdb-afc1-48f3fd35c7e1-768x576.jpg 768w, https:\/\/www.ff-katharein.at\/wp\/wp-content\/uploads\/2020\/03\/903bee60-6212-4bdb-afc1-48f3fd35c7e1.jpg 1600w\" sizes=\"(max-width: 1024px) 100vw, 1024px\" \/><\/figure><\/li><li class=\"blocks-gallery-item\"><figure><img loading=\"lazy\" width=\"768\" height=\"1024\" src=\"https:\/\/www.ff-katharein.at\/wp\/wp-content\/uploads\/2020\/03\/a86652ee-24ad-4426-8635-c599a95ac67f-768x1024.jpg\" alt=\"\" data-id=\"776\" data-link=\"https:\/\/www.ff-katharein.at\/wp\/?attachment_id=776\" class=\"wp-image-776\" srcset=\"https:\/\/www.ff-katharein.at\/wp\/wp-content\/uploads\/2020\/03\/a86652ee-24ad-4426-8635-c599a95ac67f-768x1024.jpg 768w, https:\/\/www.ff-katharein.at\/wp\/wp-content\/uploads\/2020\/03\/a86652ee-24ad-4426-8635-c599a95ac67f-225x300.jpg 225w, https:\/\/www.ff-katharein.at\/wp\/wp-content\/uploads\/2020\/03\/a86652ee-24ad-4426-8635-c599a95ac67f.jpg 1200w\" sizes=\"(max-width: 768px) 100vw, 768px\" \/><\/figure><\/li><li class=\"blocks-gallery-item\"><figure><img loading=\"lazy\" width=\"768\" height=\"1024\" src=\"https:\/\/www.ff-katharein.at\/wp\/wp-content\/uploads\/2020\/03\/f4769460-38d2-4358-851f-42651be5fb94-768x1024.jpg\" alt=\"\" data-id=\"777\" data-link=\"https:\/\/www.ff-katharein.at\/wp\/?attachment_id=777\" class=\"wp-image-777\" srcset=\"https:\/\/www.ff-katharein.at\/wp\/wp-content\/uploads\/2020\/03\/f4769460-38d2-4358-851f-42651be5fb94-768x1024.jpg 768w, https:\/\/www.ff-katharein.at\/wp\/wp-content\/uploads\/2020\/03\/f4769460-38d2-4358-851f-42651be5fb94-225x300.jpg 225w, https:\/\/www.ff-katharein.at\/wp\/wp-content\/uploads\/2020\/03\/f4769460-38d2-4358-851f-42651be5fb94.jpg 1200w\" sizes=\"(max-width: 768px) 100vw, 768px\" \/><\/figure><\/li><\/ul>\n","protected":false},"excerpt":{"rendered":"<p>Wohnungsbrand in einem Mehrparteienhaus Alarmierung 20:35 UhrBrandaus 23:00 UhrEinsatzende 01:15 Uhrfolgend Brandwache bis in der Fr\u00fch &amp; laufende Kontrollen am 02.M\u00e4rz Eingesetzt waren: FF Katharein mit 3 Fahrzeugen, FF Trag\u00f6\u00df mit 4 Fahrzeugen, FF Arndorf mit 2 Fahrzeugen BTF B\u00f6hler mit Atemschutzfahrzeug mit insgesamt 61 Mann Weiteres eingesetzt: Exekutive, Notarzt, Rettungsdienst, Brandursachenermittler und Energieversorger Bericht&hellip;&nbsp;<a href=\"https:\/\/www.ff-katharein.at\/wp\/?p=772\" class=\"\" rel=\"bookmark\">Weiterlesen &raquo;<span class=\"screen-reader-text\">01.03.2020 &#8211; Brandeinsatz<\/span><\/a><\/p>\n","protected":false},"author":4,"featured_media":0,"comment_status":"closed","ping_status":"open","sticky":false,"template":"","format":"standard","meta":{"neve_meta_sidebar":"","neve_meta_container":"","neve_meta_enable_content_width":"","neve_meta_content_width":0,"neve_meta_title_alignment":"","neve_meta_author_avatar":"","neve_post_elements_order":"","neve_meta_disable_header":"","neve_meta_disable_footer":"","neve_meta_disable_title":"","ngg_post_thumbnail":0,"_themeisle_gutenberg_block_has_review":false},"categories":[4],"tags":[],"_links":{"self":[{"href":"https:\/\/www.ff-katharein.at\/wp\/index.php?rest_route=\/wp\/v2\/posts\/772"}],"collection":[{"href":"https:\/\/www.ff-katharein.at\/wp\/index.php?rest_route=\/wp\/v2\/posts"}],"about":[{"href":"https:\/\/www.ff-katharein.at\/wp\/index.php?rest_route=\/wp\/v2\/types\/post"}],"author":[{"embeddable":true,"href":"https:\/\/www.ff-katharein.at\/wp\/index.php?rest_route=\/wp\/v2\/users\/4"}],"replies":[{"embeddable":true,"href":"https:\/\/www.ff-katharein.at\/wp\/index.php?rest_route=%2Fwp%2Fv2%2Fcomments&post=772"}],"version-history":[{"count":1,"href":"https:\/\/www.ff-katharein.at\/wp\/index.php?rest_route=\/wp\/v2\/posts\/772\/revisions"}],"predecessor-version":[{"id":778,"href":"https:\/\/www.ff-katharein.at\/wp\/index.php?rest_route=\/wp\/v2\/posts\/772\/revisions\/778"}],"wp:attachment":[{"href":"https:\/\/www.ff-katharein.at\/wp\/index.php?rest_route=%2Fwp%2Fv2%2Fmedia&parent=772"}],"wp:term":[{"taxonomy":"category","embeddable":true,"href":"https:\/\/www.ff-katharein.at\/wp\/index.php?rest_route=%2Fwp%2Fv2%2Fcategories&post=772"},{"taxonomy":"post_tag","embeddable":true,"href":"https:\/\/www.ff-katharein.at\/wp\/index.php?rest_route=%2Fwp%2Fv2%2Ftags&post=772"}],"curies":[{"name":"wp","href":"https:\/\/api.w.org\/{rel}","templated":true}]}}